{"id":1249,"date":"2023-11-09T19:26:59","date_gmt":"2023-11-09T18:26:59","guid":{"rendered":"http:\/\/institut-napoleon.fr\/?p=1249"},"modified":"2023-11-09T19:26:59","modified_gmt":"2023-11-09T18:26:59","slug":"prochaine-conference-de-linstitut-napoleon-5","status":"publish","type":"post","link":"http:\/\/institut-napoleon.fr\/index.php\/2023\/11\/09\/prochaine-conference-de-linstitut-napoleon-5\/","title":{"rendered":"Prochaine conf\u00e9rence de l&rsquo;Institut Napol\u00e9on"},"content":{"rendered":"<p><span class=\"x193iq5w xeuugli x13faqbe x1vvkbs x1xmvt09 x1lliihq x1s928wv xhkezso x1gmr53x x1cpjm7i x1fgarty x1943h6x xudqn12 x3x7a5m x6prxxf xvq8zen xo1l8bm xzsf02u x1yc453h\" dir=\"auto\">Prochaine conf\u00e9rence de l&rsquo;Institut Napol\u00e9on, le 18 novembre 2023 \u00e0 15h, \u00e0 la Sorbonne, amphi Guizot, autour de \u00ab\u00a0La Correspondance du grand mar\u00e9chal du palais de Napol\u00e9on Ier\u00a0\u00bb, autrement dit Duroc, r\u00e9cemment \u00e9dit\u00e9e par Jean-Pierre Samoyault et Charles-Eloi Vial.<\/span><\/p>\n<p><span class=\"x193iq5w xeuugli x13faqbe x1vvkbs x1xmvt09 x1lliihq x1s928wv xhkezso x1gmr53x x1cpjm7i x1fgarty x1943h6x xudqn12 x3x7a5m x6prxxf xvq8zen xo1l8bm xzsf02u x1yc453h\" dir=\"auto\"> Entr\u00e9e libre par le 17 rue de la Sorbonne, 75005, mais inscription obligatoire avant le 16 novembre.<\/span><\/p>\n","protected":false},"excerpt":{"rendered":"<p>Prochaine conf\u00e9rence de l&rsquo;Institut Napol\u00e9on, le 18 novembre 2023 \u00e0 15h, \u00e0 la Sorbonne, amphi Guizot, autour de \u00ab\u00a0La Correspondance du grand mar\u00e9chal du palais de Napol\u00e9on Ier\u00a0\u00bb, autrement dit Duroc, r\u00e9cemment \u00e9dit\u00e9e par Jean-Pierre Samoyault et Charles-Eloi Vial. Entr\u00e9e libre par le 17 rue de la Sorbonne, 75005, mais inscription obligatoire avant le 16 [&hellip;]<\/p>\n","protected":false},"author":1,"featured_media":1248,"comment_status":"open","ping_status":"open","sticky":false,"template":"","format":"standard","meta":{"spay_email":""},"categories":[15],"tags":[],"jetpack_featured_media_url":"http:\/\/institut-napoleon.fr\/wp-content\/uploads\/2023\/11\/Conference-Duroc-scaled.jpg","_links":{"self":[{"href":"http:\/\/institut-napoleon.fr\/index.php\/wp-json\/wp\/v2\/posts\/1249"}],"collection":[{"href":"http:\/\/institut-napoleon.fr\/index.php\/wp-json\/wp\/v2\/posts"}],"about":[{"href":"http:\/\/institut-napoleon.fr\/index.php\/wp-json\/wp\/v2\/types\/post"}],"author":[{"embeddable":true,"href":"http:\/\/institut-napoleon.fr\/index.php\/wp-json\/wp\/v2\/users\/1"}],"replies":[{"embeddable":true,"href":"http:\/\/institut-napoleon.fr\/index.php\/wp-json\/wp\/v2\/comments?post=1249"}],"version-history":[{"count":2,"href":"http:\/\/institut-napoleon.fr\/index.php\/wp-json\/wp\/v2\/posts\/1249\/revisions"}],"predecessor-version":[{"id":1251,"href":"http:\/\/institut-napoleon.fr\/index.php\/wp-json\/wp\/v2\/posts\/1249\/revisions\/1251"}],"wp:featuredmedia":[{"embeddable":true,"href":"http:\/\/institut-napoleon.fr\/index.php\/wp-json\/wp\/v2\/media\/1248"}],"wp:attachment":[{"href":"http:\/\/institut-napoleon.fr\/index.php\/wp-json\/wp\/v2\/media?parent=1249"}],"wp:term":[{"taxonomy":"category","embeddable":true,"href":"http:\/\/institut-napoleon.fr\/index.php\/wp-json\/wp\/v2\/categories?post=1249"},{"taxonomy":"post_tag","embeddable":true,"href":"http:\/\/institut-napoleon.fr\/index.php\/wp-json\/wp\/v2\/tags?post=1249"}],"curies":[{"name":"wp","href":"https:\/\/api.w.org\/{rel}","templated":true}]}}